{"id":250491,"date":"2022-10-04T06:28:44","date_gmt":"2022-10-04T05:28:44","guid":{"rendered":"https:\/\/www.corners.cz\/?p=250491"},"modified":"2024-06-01T08:47:54","modified_gmt":"2024-06-01T07:47:54","slug":"50-jahre-bmw-m","status":"publish","type":"post","link":"https:\/\/www.corners.cz\/en\/blog\/50-jahre-bmw-m\/","title":{"rendered":"50 JAHRE BMW M"},"content":{"rendered":"<p>[et_pb_section fb_built=&#8220;1&#8243; fullwidth=&#8220;on&#8220; admin_label=&#8220;Header Section&#8220; _builder_version=&#8220;4.16&#8243; background_color=&#8220;#1a1f24&#8243; background_enable_image=&#8220;off&#8220; custom_padding=&#8220;|||&#8220; locked=&#8220;off&#8220; global_colors_info=&#8220;{}&#8220;][et_pb_fullwidth_header title=&#8220;@ET-DC@eyJkeW5hbWljIjp0cnVlLCJjb250ZW50IjoicG9zdF90aXRsZSIsInNldHRpbmdzIjp7ImJlZm9yZSI6IiIsImFmdGVyIjoiIn19@&#8220; subhead=&#8220;@ET-DC@eyJkeW5hbWljIjp0cnVlLCJjb250ZW50IjoicG9zdF9kYXRlIiwic2V0dGluZ3MiOnsiYmVmb3JlIjoiIiwiYWZ0ZXIiOiIiLCJkYXRlX2Zvcm1hdCI6ImRlZmF1bHQiLCJjdXN0b21fZGF0ZV9mb3JtYXQiOiIifX0=@&#8220; text_orientation=&#8220;center&#8220; header_fullscreen=&#8220;on&#8220; header_scroll_down=&#8220;on&#8220; scroll_down_icon=&#8220;%%0%%&#8220; scroll_down_icon_color=&#8220;#dd061a&#8220; scroll_down_icon_size=&#8220;30px&#8220; button_one_url=&#8220;https:\/\/www.corners.cz\/shop\/&#8220; background_overlay_color=&#8220;rgba(0,0,0,0.4)&#8220; content_max_width_last_edited=&#8220;off|desktop&#8220; admin_label=&#8220;Contents&#8220; _builder_version=&#8220;4.16&#8243; _dynamic_attributes=&#8220;subhead,title,content,background_image&#8220; title_font=&#8220;OswaldFinal|600||on|||||&#8220; title_text_align=&#8220;center&#8220; title_font_size=&#8220;4vw&#8220; title_letter_spacing=&#8220;0.05em&#8220; title_line_height=&#8220;1.3em&#8220; content_font=&#8220;Montseratt SemiBold|600||on|||||&#8220; content_text_color=&#8220;#d9d9d9&#8243; subhead_font=&#8220;|200|||||||&#8220; subhead_font_size=&#8220;20px&#8220; subhead_line_height=&#8220;1.9em&#8220; background_enable_color=&#8220;off&#8220; background_image=&#8220;@ET-DC@eyJkeW5hbWljIjp0cnVlLCJjb250ZW50IjoicG9zdF9mZWF0dXJlZF9pbWFnZSIsInNldHRpbmdzIjp7fX0=@&#8220; background_enable_video_mp4=&#8220;off&#8220; custom_button_one=&#8220;on&#8220; button_one_text_size=&#8220;16px&#8220; button_one_bg_color=&#8220;#dd061a&#8220; button_one_border_width=&#8220;0px&#8220; button_one_border_color=&#8220;#dd061a&#8220; button_one_border_radius=&#8220;0px&#8220; button_one_letter_spacing=&#8220;3px&#8220; button_one_font=&#8220;Oswald|||on|||||&#8220; button_one_use_icon=&#8220;off&#8220; button_one_custom_padding=&#8220;1.8vh|1.4vw|1.8vh|1.4vw|true|true&#8220; button_one_custom_padding_tablet=&#8220;2vh|4.3vw|2vh|4.3vw|true|true&#8220; button_one_custom_padding_phone=&#8220;&#8220; button_one_custom_padding_last_edited=&#8220;on|phone&#8220; min_height=&#8220;100vh&#8220; height=&#8220;100vh&#8220; max_height=&#8220;100vh&#8220; animation_style=&#8220;fade&#8220; animation_starting_opacity=&#8220;50%&#8220; animation_speed_curve=&#8220;ease-in&#8220; title_font_size_tablet=&#8220;60px&#8220; title_font_size_phone=&#8220;9vw&#8220; title_font_size_last_edited=&#8220;on|tablet&#8220; custom_css_button_1=&#8220;box-shadow: inset 0px 0px 0px #1a1f24;||transition: all 0.5s !important;||&#8220; button_one_border_color_hover=&#8220;#c99872&#8243; button_one_border_radius_hover=&#8220;0px&#8220; button_one_letter_spacing_hover=&#8220;3px&#8220; button_one_bg_color_hover=&#8220;#c99872&#8243; global_colors_info=&#8220;{}&#8220; button_one_text_size__hover_enabled=&#8220;off&#8220; button_two_text_size__hover_enabled=&#8220;off&#8220; button_one_text_color__hover_enabled=&#8220;off&#8220; button_two_text_color__hover_enabled=&#8220;off&#8220; button_one_border_width__hover_enabled=&#8220;off&#8220; button_two_border_width__hover_enabled=&#8220;off&#8220; button_one_border_color__hover_enabled=&#8220;on|hover&#8220; button_one_border_color__hover=&#8220;#991823&#8243; button_two_border_color__hover_enabled=&#8220;off&#8220; button_one_border_radius__hover_enabled=&#8220;on&#8220; button_one_border_radius__hover=&#8220;0px&#8220; button_two_border_radius__hover_enabled=&#8220;off&#8220; button_one_letter_spacing__hover_enabled=&#8220;on|hover&#8220; button_one_letter_spacing__hover=&#8220;3px&#8220; button_two_letter_spacing__hover_enabled=&#8220;off&#8220; button_one_bg_color__hover_enabled=&#8220;on|desktop&#8220; button_one_bg_color__hover=&#8220;#1a1f24&#8243; button_two_bg_color__hover_enabled=&#8220;off&#8220; button_one_bg_enable_color__hover=&#8220;on&#8220; button_one_custom_padding__hover_enabled=&#8220;off|desktop&#8220; custom_css_button_1_last_edited=&#8220;off|desktop&#8220; custom_css_button_1__hover_enabled=&#8220;on|hover&#8220; custom_css_button_1__hover=&#8220;box-shadow: inset 200px 0px 0px #1a1f24;||&#8220; content_text_color__hover_enabled=&#8220;on|hover&#8220; content_text_color__hover=&#8220;#dd061a&#8220;]@ET-DC@eyJkeW5hbWljIjp0cnVlLCJjb250ZW50IjoicG9zdF9jYXRlZ29yaWVzIiwic2V0dGluZ3MiOnsiYmVmb3JlIjoiIiwiYWZ0ZXIiOiIiLCJsaW5rX3RvX3Rlcm1fcGFnZSI6Im9uIiwic2VwYXJhdG9yIjoiIHwgIiwiY2F0ZWdvcnlfdHlwZSI6ImNhdGVnb3J5In19@[\/et_pb_fullwidth_header][\/et_pb_section][et_pb_section fb_built=&#8220;1&#8243; _builder_version=&#8220;4.16&#8243; global_colors_info=&#8220;{}&#8220;][et_pb_row _builder_version=&#8220;4.16&#8243; width=&#8220;100%&#8220; max_width=&#8220;100%&#8220; custom_margin=&#8220;||||false|false&#8220; custom_padding=&#8220;0px|3%||3%|false|true&#8220; animation_direction=&#8220;bottom&#8220; global_colors_info=&#8220;{}&#8220;][et_pb_column type=&#8220;4_4&#8243; _builder_version=&#8220;4.16&#8243; global_colors_info=&#8220;{}&#8220;][et_pb_post_nav _builder_version=&#8220;4.16&#8243; title_font=&#8220;Oswald|||on|||||&#8220; locked=&#8220;off&#8220; global_colors_info=&#8220;{}&#8220;][\/et_pb_post_nav][\/et_pb_column][\/et_pb_row][et_pb_row custom_padding_last_edited=&#8220;on|phone&#8220; _builder_version=&#8220;4.16&#8243; width_tablet=&#8220;&#8220; width_phone=&#8220;90%&#8220; width_last_edited=&#8220;on|phone&#8220; custom_padding=&#8220;||||false|true&#8220; custom_padding_tablet=&#8220;|3%||3%|false|true&#8220; custom_padding_phone=&#8220;&#8220; global_colors_info=&#8220;{}&#8220;][et_pb_column type=&#8220;4_4&#8243; _builder_version=&#8220;4.16&#8243; global_colors_info=&#8220;{}&#8220;][et_pb_text _builder_version=&#8220;4.18.0&#8243; text_font=&#8220;Montseratt SemiBold|600|||||||&#8220; text_text_color=&#8220;#000000&#8243; text_font_size=&#8220;18px&#8220; text_line_height=&#8220;1.8em&#8220; locked=&#8220;off&#8220; global_colors_info=&#8220;{}&#8220;]<\/p>\n<p>Rok 2022 je pro na\u0161\u00ed obl\u00edbenou mnichovskou automobilku ve znamen\u00ed dlouho o\u010dek\u00e1van\u00fdch novinek a prom\u011bn. Tou nejv\u011bt\u0161\u00ed ud\u00e1lost\u00ed je bezesporu 50 let\u00e9 v\u00fdro\u010d\u00ed BMW M. Jako pod\u011bkov\u00e1n\u00ed za skv\u011bl\u00e1 sportovn\u00ed auta jsme uspo\u0159\u00e1dali setk\u00e1n\u00ed nap\u0159\u00ed\u010d v\u0161emi generacemi na brn\u011bnsk\u00e9m z\u00e1vodn\u00edm okruhu.<\/p>\n<p>[\/et_pb_text][\/et_pb_column][\/et_pb_row][et_pb_row custom_padding_last_edited=&#8220;on|phone&#8220; _builder_version=&#8220;4.16&#8243; width_tablet=&#8220;&#8220; width_phone=&#8220;90%&#8220; width_last_edited=&#8220;on|phone&#8220; custom_padding=&#8220;||||false|true&#8220; custom_padding_tablet=&#8220;|3%||3%|false|true&#8220; custom_padding_phone=&#8220;&#8220; global_colors_info=&#8220;{}&#8220;][et_pb_column type=&#8220;4_4&#8243; _builder_version=&#8220;4.16&#8243; global_colors_info=&#8220;{}&#8220;][et_pb_text _builder_version=&#8220;4.23.1&#8243; text_font=&#8220;|300|||||||&#8220; text_text_color=&#8220;#000000&#8243; text_font_size=&#8220;17px&#8220; text_line_height=&#8220;1.8em&#8220; header_2_font=&#8220;Oswald|||on|||||&#8220; hover_enabled=&#8220;0&#8243; locked=&#8220;off&#8220; global_colors_info=&#8220;{}&#8220; sticky_enabled=&#8220;0&#8243;]<\/p>\n<p>Sportovn\u00ed divize BMW M slav\u00ed 50 let od sv\u00e9ho zalo\u017een\u00ed. Za tuto dek\u00e1du vznikla dokonal\u00e1 symbi\u00f3za sv\u011bta motorsportu a hobby sportovn\u00edho je\u017ed\u011bn\u00ed. Od sam\u00e9ho po\u010d\u00e1tku bylo auta se znakem M vyv\u00edjena v \u00fazk\u00e9 spolupr\u00e1ci se z\u00e1vodn\u00edm odd\u011blen\u00edm BMW Motorsport a technika byla p\u0159\u00edmo inspirov\u00e1na z\u00e1vodn\u00edmi speci\u00e1ly. Dnes tomu nen\u00ed jinak a aktu\u00e1ln\u00ed generace eMkov\u00fdch BMW disponuj\u00ed tou nejvysp\u011blej\u0161\u00ed technikou. D\u016fkazem p\u0159\u00edm\u00e9ho propojen\u00ed z\u00e1vodn\u00edch a silni\u010dn\u00edch aut je nap\u0159\u00edklad M2 CS Racing nebo aktu\u00e1ln\u00ed M4 GT4, kter\u00e9 jsou poh\u00e1n\u011bny produk\u010dn\u00edm motorem a p\u0159evodovkou bez z\u00e1sadn\u00edch mechanick\u00fdch \u00faprav. Z okruhov\u00fdch speci\u00e1l\u016f zase p\u0159eb\u00edraj\u00ed silni\u010dn\u00ed auta prvky podvozkov\u00fdch komponent\u016f a konstruk\u010dn\u00edch \u0159e\u0161en\u00ed. Ur\u010dit\u011b si pamatujete oran\u017eovou M3 GTS generace E92, kter\u00e1 byla prvn\u00edm eMkov\u00fdm autem se zadn\u00ed n\u00e1pravnic\u00ed napevno p\u0159i\u0161roubovanou ke karoserie bez pou\u017eit\u00ed silentblok\u016f. Takto bychom mohli pokra\u010dovat n\u011bkolika dal\u0161\u00edmi odstavci, ke kter\u00fdm se vr\u00e1t\u00edme v n\u011bkter\u00e9m z na\u0161ich dal\u0161\u00edch blog\u016f.<\/p>\n<p>[\/et_pb_text][\/et_pb_column][\/et_pb_row][\/et_pb_section][et_pb_section fb_built=&#8220;1&#8243; admin_label=&#8220;Section&#8220; _builder_version=&#8220;4.16&#8243; background_color=&#8220;#f9f9f9&#8243; custom_margin=&#8220;||0px||false|false&#8220; custom_padding=&#8220;0px||0px|&#8220; custom_padding_tablet=&#8220;0px||0px|&#8220; animation_direction=&#8220;bottom&#8220; transparent_background=&#8220;off&#8220; padding_mobile=&#8220;on&#8220; make_fullwidth=&#8220;off&#8220; use_custom_width=&#8220;off&#8220; width_unit=&#8220;on&#8220; locked=&#8220;off&#8220; global_colors_info=&#8220;{}&#8220;][et_pb_row column_structure=&#8220;1_2,1_2&#8243; use_custom_gutter=&#8220;on&#8220; gutter_width=&#8220;1&#8243; padding_mobile=&#8220;on&#8220; make_equal=&#8220;on&#8220; column_padding_mobile=&#8220;on&#8220; admin_label=&#8220;Row&#8220; module_class=&#8220; et_pb_row_fullwidth&#8220; _builder_version=&#8220;4.16&#8243; background_size=&#8220;initial&#8220; background_position=&#8220;top_left&#8220; background_repeat=&#8220;repeat&#8220; width=&#8220;100%&#8220; width_tablet=&#8220;100%&#8220; width_phone=&#8220;&#8220; width_last_edited=&#8220;on|desktop&#8220; max_width=&#8220;100%&#8220; max_width_tablet=&#8220;100%&#8220; max_width_phone=&#8220;&#8220; max_width_last_edited=&#8220;on|desktop&#8220; custom_padding=&#8220;0px||0px|&#8220; make_fullwidth=&#8220;on&#8220; use_custom_width=&#8220;off&#8220; width_unit=&#8220;on&#8220; global_colors_info=&#8220;{}&#8220;][et_pb_column type=&#8220;1_2&#8243; _builder_version=&#8220;4.16&#8243; custom_padding=&#8220;|||&#8220; global_colors_info=&#8220;{}&#8220; custom_padding__hover=&#8220;|||&#8220;][et_pb_image src=&#8220;https:\/\/www.corners.cz\/wp-content\/uploads\/2022\/10\/01.jpg&#8220; title_text=&#8220;01&#8243; align=&#8220;center&#8220; force_fullwidth=&#8220;on&#8220; align_tablet=&#8220;center&#8220; align_phone=&#8220;&#8220; align_last_edited=&#8220;on|desktop&#8220; admin_label=&#8220;Image&#8220; _builder_version=&#8220;4.18.0&#8243; use_border_color=&#8220;off&#8220; border_color=&#8220;#ffffff&#8220; border_style=&#8220;solid&#8220; animation=&#8220;off&#8220; sticky=&#8220;off&#8220; always_center_on_mobile=&#8220;on&#8220; global_colors_info=&#8220;{}&#8220;] [\/et_pb_image][\/et_pb_column][et_pb_column type=&#8220;1_2&#8243; _builder_version=&#8220;4.16&#8243; background_color=&#8220;#ffffff&#8220; custom_padding=&#8220;|||&#8220; global_colors_info=&#8220;{}&#8220; custom_padding__hover=&#8220;|||&#8220;][et_pb_image src=&#8220;https:\/\/www.corners.cz\/wp-content\/uploads\/2022\/10\/02.jpg&#8220; title_text=&#8220;02&#8243; align=&#8220;center&#8220; force_fullwidth=&#8220;on&#8220; align_tablet=&#8220;center&#8220; align_phone=&#8220;&#8220; align_last_edited=&#8220;on|desktop&#8220; admin_label=&#8220;Image&#8220; _builder_version=&#8220;4.18.0&#8243; use_border_color=&#8220;off&#8220; border_color=&#8220;#ffffff&#8220; border_style=&#8220;solid&#8220; animation=&#8220;off&#8220; sticky=&#8220;off&#8220; always_center_on_mobile=&#8220;on&#8220; global_colors_info=&#8220;{}&#8220;] [\/et_pb_image][\/et_pb_column][\/et_pb_row][\/et_pb_section][et_pb_section fb_built=&#8220;1&#8243; _builder_version=&#8220;4.16&#8243; custom_margin=&#8220;0px||0px||true|false&#8220; custom_padding=&#8220;0px||||false|false&#8220; global_colors_info=&#8220;{}&#8220;][et_pb_row column_structure=&#8220;1_2,1_2&#8243; use_custom_gutter=&#8220;on&#8220; gutter_width=&#8220;1&#8243; _builder_version=&#8220;4.16&#8243; width_tablet=&#8220;&#8220; width_phone=&#8220;90%&#8220; width_last_edited=&#8220;on|phone&#8220; custom_margin=&#8220;0px||0px||true|false&#8220; custom_padding=&#8220;0px||0px||true|false&#8220; global_colors_info=&#8220;{}&#8220;][et_pb_column type=&#8220;1_2&#8243; _builder_version=&#8220;4.16&#8243; global_colors_info=&#8220;{}&#8220;][et_pb_text _builder_version=&#8220;4.18.0&#8243; text_font=&#8220;Montseratt SemiBold||||||||&#8220; text_text_color=&#8220;#000000&#8243; text_font_size=&#8220;20px&#8220; text_line_height=&#8220;1.5em&#8220; header_3_font=&#8220;|200|||||||&#8220; header_3_text_color=&#8220;#303030&#8243; header_3_font_size=&#8220;21px&#8220; header_3_line_height=&#8220;1.4em&#8220; background_color=&#8220;#ffffff&#8220; transform_scale_tablet=&#8220;&#8220; transform_scale_phone=&#8220;&#8220; transform_scale_last_edited=&#8220;on|phone&#8220; transform_translate=&#8220;0px|-23%&#8220; transform_translate_tablet=&#8220;&#8220; transform_translate_phone=&#8220;0px|-10%&#8220; transform_translate_last_edited=&#8220;on|phone&#8220; transform_translate_linked=&#8220;off&#8220; transform_rotate_tablet=&#8220;&#8220; transform_rotate_phone=&#8220;&#8220; transform_rotate_last_edited=&#8220;on|phone&#8220; transform_skew_tablet=&#8220;&#8220; transform_skew_phone=&#8220;&#8220; transform_skew_last_edited=&#8220;on|phone&#8220; transform_origin_tablet=&#8220;&#8220; transform_origin_phone=&#8220;&#8220; transform_origin_last_edited=&#8220;on|phone&#8220; transform_styles_last_edited=&#8220;on|phone&#8220; custom_margin=&#8220;0px||||false|false&#8220; custom_padding=&#8220;8%|13%|8%|13%|true|true&#8220; animation_style=&#8220;slide&#8220; animation_direction=&#8220;left&#8220; animation_intensity_slide=&#8220;10%&#8220; transform_styles_tablet=&#8220;&#8220; transform_styles_phone=&#8220;&#8220; box_shadow_style=&#8220;preset3&#8243; box_shadow_spread=&#8220;-11px&#8220; global_colors_info=&#8220;{}&#8220;]<\/p>\n<p><strong>Na sv\u00e9 si p\u0159i\u0161li milovn\u00edci p\u0159et\u00e1\u010div\u00fdch smyk\u016f i \u010dist\u00e9 stopy. <\/strong><\/p>\n<p>[\/et_pb_text][\/et_pb_column][et_pb_column type=&#8220;1_2&#8243; _builder_version=&#8220;4.16&#8243; global_colors_info=&#8220;{}&#8220;][\/et_pb_column][\/et_pb_row][et_pb_row custom_padding_last_edited=&#8220;on|phone&#8220; _builder_version=&#8220;4.16&#8243; width_tablet=&#8220;&#8220; width_phone=&#8220;90%&#8220; width_last_edited=&#8220;on|phone&#8220; custom_margin=&#8220;||3%||false|false&#8220; custom_padding=&#8220;||||false|true&#8220; custom_padding_tablet=&#8220;|3%||3%|false|true&#8220; custom_padding_phone=&#8220;&#8220; global_colors_info=&#8220;{}&#8220;][et_pb_column type=&#8220;4_4&#8243; _builder_version=&#8220;4.16&#8243; global_colors_info=&#8220;{}&#8220;][et_pb_text _builder_version=&#8220;4.18.0&#8243; text_font=&#8220;Montserrat|300|||||||&#8220; text_text_color=&#8220;#000000&#8243; text_font_size=&#8220;17px&#8220; text_line_height=&#8220;1.8em&#8220; header_2_font=&#8220;OswaldFinal|700||on|||||&#8220; header_2_font_size_tablet=&#8220;&#8220; header_2_font_size_phone=&#8220;27px&#8220; header_2_font_size_last_edited=&#8220;on|phone&#8220; header_2_line_height_tablet=&#8220;&#8220; header_2_line_height_phone=&#8220;1.4em&#8220; header_2_line_height_last_edited=&#8220;on|phone&#8220; locked=&#8220;off&#8220; global_colors_info=&#8220;{}&#8220;]<\/p>\n<p>Pro n\u00e1s, nad\u0161en\u00e9 \u0159idi\u010de, je d\u016fle\u017eit\u00fd hlavn\u011b v\u00fdsledek. Tedy j\u00edzdn\u00ed vlastnosti eMkov\u00fdch BMW na silnici i z\u00e1vodn\u00edm okruhu b\u011bhem trackdays. Proto jsme setk\u00e1n\u00ed majitel\u016f BMW M uspo\u0159\u00e1dali na Automotodromu v Brn\u011b. Tento nejv\u011bt\u0161\u00ed \u010desk\u00fd z\u00e1vodn\u00edm okruh nab\u00edz\u00ed toti\u017e skv\u011bl\u00e9 dlouh\u00e9 zat\u00e1\u010dky s p\u0159ev\u00fd\u0161en\u00edm v kombinaci s n\u00e1ro\u010dn\u00fdmi technick\u00fdmi pas\u00e1\u017eemi. Na sv\u00e9 si tak p\u0159i\u0161li milovn\u00edci p\u0159et\u00e1\u010div\u00fdch smyk\u016f i \u010dist\u00e9 stopy. Na tra\u0165 vyrazily dokonce i historick\u00e9 a velmi vz\u00e1cn\u00e9 kousky.<\/p>\n<p>V boxech nechyb\u011bla vystaven\u00e1 limitovan\u00e1 edice M4 GTS, kter\u00e1 je takov\u00fdm mnichovsk\u00fdm ekvivalentem Porsche GT3 RS. Kup\u00e9 s va\u0159en\u00fdm bezpe\u010dnostn\u00edm r\u00e1mem, karbonov\u00fdmi sko\u0159epinov\u00fdmi sedadly, \u0161estibodov\u00fdmi z\u00e1vodn\u00edmi p\u00e1sy, aerodynamikou inspirovanou z\u00e1vodn\u00edm M4 GT4 nebo mechanicky nastaviteln\u00fdmi tlumi\u010di KW je vskutku zaj\u00edmav\u00fdm kusem techniky. Z klasick\u00fdch aut v\u011bt\u0161inu z\u00e1kazn\u00edk\u016f zaujala prvn\u00ed generace sedanu M5 s motorem z kultovn\u00edho z\u00e1vodn\u00edho speci\u00e1lu M1 nebo luxusn\u00ed kup\u00e9 850 CSi s atmosf\u00e9ricky pln\u011bn\u00fdm dvan\u00e1ctiv\u00e1lcem, kter\u00fd poh\u00e1n\u011bl legend\u00e1rn\u00ed McLaren F1.<\/p>\n<p>[\/et_pb_text][\/et_pb_column][\/et_pb_row][et_pb_row column_structure=&#8220;1_2,1_2&#8243; use_custom_gutter=&#8220;on&#8220; gutter_width=&#8220;1&#8243; padding_mobile=&#8220;on&#8220; make_equal=&#8220;on&#8220; column_padding_mobile=&#8220;on&#8220; admin_label=&#8220;Row&#8220; module_class=&#8220; et_pb_row_fullwidth&#8220; _builder_version=&#8220;4.16&#8243; background_size=&#8220;initial&#8220; background_position=&#8220;top_left&#8220; background_repeat=&#8220;repeat&#8220; width=&#8220;100%&#8220; width_tablet=&#8220;100%&#8220; width_phone=&#8220;&#8220; width_last_edited=&#8220;on|desktop&#8220; max_width=&#8220;100%&#8220; max_width_tablet=&#8220;100%&#8220; max_width_phone=&#8220;&#8220; max_width_last_edited=&#8220;on|desktop&#8220; custom_padding=&#8220;0px||0px|&#8220; make_fullwidth=&#8220;on&#8220; use_custom_width=&#8220;off&#8220; width_unit=&#8220;on&#8220; global_colors_info=&#8220;{}&#8220;][et_pb_column type=&#8220;1_2&#8243; _builder_version=&#8220;4.16&#8243; background_color=&#8220;#ffffff&#8220; custom_padding=&#8220;|||&#8220; global_colors_info=&#8220;{}&#8220; custom_padding__hover=&#8220;|||&#8220;][et_pb_image src=&#8220;https:\/\/www.corners.cz\/wp-content\/uploads\/2022\/10\/03.jpg&#8220; title_text=&#8220;03&#8243; align=&#8220;center&#8220; force_fullwidth=&#8220;on&#8220; align_tablet=&#8220;center&#8220; align_phone=&#8220;&#8220; align_last_edited=&#8220;on|desktop&#8220; admin_label=&#8220;Image&#8220; _builder_version=&#8220;4.18.0&#8243; use_border_color=&#8220;off&#8220; border_color=&#8220;#ffffff&#8220; border_style=&#8220;solid&#8220; animation=&#8220;off&#8220; sticky=&#8220;off&#8220; always_center_on_mobile=&#8220;on&#8220; global_colors_info=&#8220;{}&#8220;] [\/et_pb_image][\/et_pb_column][et_pb_column type=&#8220;1_2&#8243; _builder_version=&#8220;4.16&#8243; custom_padding=&#8220;|||&#8220; global_colors_info=&#8220;{}&#8220; custom_padding__hover=&#8220;|||&#8220;][et_pb_image src=&#8220;https:\/\/www.corners.cz\/wp-content\/uploads\/2022\/10\/04.jpg&#8220; title_text=&#8220;04&#8243; align=&#8220;center&#8220; force_fullwidth=&#8220;on&#8220; align_tablet=&#8220;center&#8220; align_phone=&#8220;&#8220; align_last_edited=&#8220;on|desktop&#8220; admin_label=&#8220;Image&#8220; _builder_version=&#8220;4.18.0&#8243; use_border_color=&#8220;off&#8220; border_color=&#8220;#ffffff&#8220; border_style=&#8220;solid&#8220; animation=&#8220;off&#8220; sticky=&#8220;off&#8220; always_center_on_mobile=&#8220;on&#8220; global_colors_info=&#8220;{}&#8220;] [\/et_pb_image][\/et_pb_column][\/et_pb_row][et_pb_row column_structure=&#8220;1_2,1_2&#8243; use_custom_gutter=&#8220;on&#8220; gutter_width=&#8220;1&#8243; _builder_version=&#8220;4.16&#8243; width_tablet=&#8220;&#8220; width_phone=&#8220;90%&#8220; width_last_edited=&#8220;on|phone&#8220; custom_margin=&#8220;0px||0px||true|false&#8220; custom_padding=&#8220;0px||0px||true|false&#8220; global_colors_info=&#8220;{}&#8220;][et_pb_column type=&#8220;1_2&#8243; _builder_version=&#8220;4.16&#8243; global_colors_info=&#8220;{}&#8220;][et_pb_text _builder_version=&#8220;4.18.0&#8243; text_font=&#8220;Montseratt SemiBold||||||||&#8220; text_text_color=&#8220;#000000&#8243; text_font_size=&#8220;20px&#8220; text_line_height=&#8220;1.5em&#8220; header_3_font=&#8220;|200|||||||&#8220; header_3_text_color=&#8220;#303030&#8243; header_3_font_size=&#8220;21px&#8220; header_3_line_height=&#8220;1.4em&#8220; background_color=&#8220;#ffffff&#8220; transform_scale_tablet=&#8220;&#8220; transform_scale_phone=&#8220;&#8220; transform_scale_last_edited=&#8220;on|phone&#8220; transform_translate=&#8220;0px|-23%&#8220; transform_translate_tablet=&#8220;&#8220; transform_translate_phone=&#8220;0px|-10%&#8220; transform_translate_last_edited=&#8220;on|phone&#8220; transform_translate_linked=&#8220;off&#8220; transform_rotate_tablet=&#8220;&#8220; transform_rotate_phone=&#8220;&#8220; transform_rotate_last_edited=&#8220;on|phone&#8220; transform_skew_tablet=&#8220;&#8220; transform_skew_phone=&#8220;&#8220; transform_skew_last_edited=&#8220;on|phone&#8220; transform_origin_tablet=&#8220;&#8220; transform_origin_phone=&#8220;&#8220; transform_origin_last_edited=&#8220;on|phone&#8220; transform_styles_last_edited=&#8220;on|phone&#8220; custom_margin=&#8220;0px||||false|false&#8220; custom_padding=&#8220;8%|13%|8%|13%|true|true&#8220; animation_style=&#8220;slide&#8220; animation_direction=&#8220;left&#8220; animation_intensity_slide=&#8220;10%&#8220; transform_styles_tablet=&#8220;&#8220; transform_styles_phone=&#8220;&#8220; box_shadow_style=&#8220;preset3&#8243; box_shadow_spread=&#8220;-11px&#8220; global_colors_info=&#8220;{}&#8220;]<\/p>\n<p><strong><span>N\u00e1v\u0161t\u011bvn\u00edci si mohli vyzkou\u0161et ofici\u00e1ln\u00ed hern\u00ed simul\u00e1tor BMW se \u0161pi\u010dkov\u00fdm hardwarem Fanatec.<\/span><\/strong><\/p>\n<p>[\/et_pb_text][\/et_pb_column][et_pb_column type=&#8220;1_2&#8243; _builder_version=&#8220;4.16&#8243; global_colors_info=&#8220;{}&#8220;][\/et_pb_column][\/et_pb_row][et_pb_row custom_padding_last_edited=&#8220;on|phone&#8220; _builder_version=&#8220;4.16&#8243; width_tablet=&#8220;&#8220; width_phone=&#8220;90%&#8220; width_last_edited=&#8220;on|phone&#8220; custom_padding=&#8220;||||false|true&#8220; custom_padding_tablet=&#8220;|3%||3%|false|true&#8220; custom_padding_phone=&#8220;&#8220; global_colors_info=&#8220;{}&#8220;][et_pb_column type=&#8220;4_4&#8243; _builder_version=&#8220;4.16&#8243; global_colors_info=&#8220;{}&#8220;][et_pb_text _builder_version=&#8220;4.18.0&#8243; text_font=&#8220;|300|||||||&#8220; text_text_color=&#8220;#000000&#8243; text_font_size=&#8220;17px&#8220; text_line_height=&#8220;1.8em&#8220; header_2_font=&#8220;|700||on|||||&#8220; header_2_line_height=&#8220;1.4em&#8220; header_2_font_size_tablet=&#8220;&#8220; header_2_font_size_phone=&#8220;27px&#8220; header_2_font_size_last_edited=&#8220;on|phone&#8220; locked=&#8220;off&#8220; global_colors_info=&#8220;{}&#8220;]<\/p>\n<p>Boxy zdobila nejen zaj\u00edmav\u00e1 eMkov\u00e1 BMW historie a sou\u010dasnosti. D\u00edky spolupr\u00e1ci s dealerem <a href=\"https:\/\/www.bmwprosek.cz\/\">Stratos Auto<\/a> si n\u00e1v\u0161t\u011bvn\u00edci mohli vyzkou\u0161et ofici\u00e1ln\u00ed hern\u00ed simul\u00e1tor BMW se \u0161pi\u010dkov\u00fdm hardwarem Fanatec, kter\u00fd nen\u00ed jen v\u00fdrobcem hern\u00edch volant\u016f a p\u0159\u00edslu\u0161enstv\u00ed. Ji\u017e n\u011bkolik\u00e1tou sezonu v \u0159ad\u011b dod\u00e1v\u00e1 volanty do z\u00e1vodn\u00edch a sout\u011b\u017en\u00edch speci\u00e1l\u016f pro podniky mistrovstv\u00ed sv\u011bta.<\/p>\n<p>Stejn\u011b jako historie BMW M, je pestr\u00e1 sou\u010dasnost a v\u011b\u0159\u00edme, \u017ee bude i budoucnost. V tomto roce byla p\u0159edstavena nov\u00e1 generace ultimativn\u00edho M4 CSL, dlouho o\u010dek\u00e1van\u00e9ho M3 Touring a brzy se odhal\u00ed top model XM, kter\u00fd je teprve druh\u00fdm vozem vyvinut\u00fdm v\u00fdhradn\u011b sportovn\u00ed diviz\u00ed BMW M. My se ale nejv\u00edce t\u011b\u0161\u00edme na druhou generaci BMW M2, kter\u00e1 doraz\u00ed za\u010d\u00e1tkem p\u0159\u00ed\u0161t\u00edho roku. Podle zku\u0161enost\u00ed, jak\u00e9 m\u00e1me s aktu\u00e1ln\u00ed generac\u00ed M3 a M4 v\u011b\u0159\u00edme, \u017ee p\u016fjde o jedno z nejlep\u0161\u00edch sportovn\u00edch aut s cenou do dvou milion\u016f korun. T\u00edm to ale zdaleka nekon\u010d\u00ed! BMW je\u0161t\u011b chyst\u00e1 speci\u00e1ln\u00ed a opravdu exkluzivn\u00ed reinkarnaci modelu 3.0 CSL, z\u00e1vodn\u00ed hybridn\u00ed placku pro vytrvalostn\u00ed z\u00e1vod v Le Mans a prvn\u00ed \u010dist\u011b elektrick\u00e9 eMko se \u010dty\u0159mi elektromotory.<\/p>\n<p>[\/et_pb_text][\/et_pb_column][\/et_pb_row][\/et_pb_section][et_pb_section fb_built=&#8220;1&#8243; _builder_version=&#8220;4.16&#8243; custom_padding=&#8220;0px||9%||false|false&#8220; animation_direction=&#8220;bottom&#8220; global_colors_info=&#8220;{}&#8220;][et_pb_row custom_padding_last_edited=&#8220;on|phone&#8220; _builder_version=&#8220;4.16&#8243; width_tablet=&#8220;&#8220; width_phone=&#8220;90%&#8220; width_last_edited=&#8220;on|phone&#8220; custom_margin=&#8220;6vh||||false|false&#8220; custom_padding=&#8220;||||false|true&#8220; custom_padding_tablet=&#8220;|3%||3%|false|true&#8220; custom_padding_phone=&#8220;&#8220; global_colors_info=&#8220;{}&#8220;][et_pb_column type=&#8220;4_4&#8243; _builder_version=&#8220;4.16&#8243; global_colors_info=&#8220;{}&#8220;][et_pb_text _builder_version=&#8220;4.16&#8243; text_font=&#8220;|300|||||||&#8220; text_text_color=&#8220;#000000&#8243; text_font_size=&#8220;17px&#8220; text_line_height=&#8220;1.8em&#8220; header_2_font=&#8220;|700||on|||||&#8220; header_2_line_height=&#8220;1.4em&#8220; header_2_font_size_tablet=&#8220;&#8220; header_2_font_size_phone=&#8220;27px&#8220; header_2_font_size_last_edited=&#8220;on|phone&#8220; locked=&#8220;off&#8220; global_colors_info=&#8220;{}&#8220;]<\/p>\n<h2>Galerie<\/h2>\n<p>[\/et_pb_text][et_pb_gallery gallery_ids=&#8220;250515,250514,250513,250512,250511,250510,250509,250508,250507,250506,250505,250504,250503,250502,250501,250500,250499,250498,250497&#8243; fullwidth=&#8220;on&#8220; _builder_version=&#8220;4.18.0&#8243; _module_preset=&#8220;default&#8220; global_colors_info=&#8220;{}&#8220;][\/et_pb_gallery][\/et_pb_column][\/et_pb_row][\/et_pb_section]<\/p>\n","protected":false},"excerpt":{"rendered":"<p>Rok 2022 je pro na\u0161\u00ed obl\u00edbenou mnichovskou automobilku ve znamen\u00ed dlouho o\u010dek\u00e1van\u00fdch novinek a prom\u011bn. Tou nejv\u011bt\u0161\u00ed ud\u00e1lost\u00ed je bezesporu 50 let\u00e9 v\u00fdro\u010d\u00ed BMW M. Jako pod\u011bkov\u00e1n\u00ed za skv\u011bl\u00e1 sportovn\u00ed auta jsme uspo\u0159\u00e1dali setk\u00e1n\u00ed nap\u0159\u00ed\u010d v\u0161emi generacemi na brn\u011bnsk\u00e9m z\u00e1vodn\u00edm okruhu.Sportovn\u00ed divize BMW M slav\u00ed 50 let od sv\u00e9ho zalo\u017een\u00ed. Za tuto dek\u00e1du vznikla dokonal\u00e1 [&hellip;]<\/p>\n","protected":false},"author":1,"featured_media":250516,"comment_status":"closed","ping_status":"open","sticky":false,"template":"","format":"standard","meta":{"_et_pb_use_builder":"on","_et_pb_old_content":"","_et_gb_content_width":"2880","footnotes":""},"categories":[25,26],"tags":[],"class_list":["post-250491","post","type-post","status-publish","format-standard","has-post-thumbnail","hentry","category-corners-cz","category-trackdays"],"yoast_head":"<!-- This site is optimized with the Yoast SEO plugin v27.4 - https:\/\/yoast.com\/product\/yoast-seo-wordpress\/ -->\n<title>50 JAHRE BMW M - corners.cz<\/title>\n<meta name=\"description\" content=\"Rok 2022 je pro na\u0161\u00ed obl\u00edbenou mnichovskou automobilku ve znamen\u00ed dlouho o\u010dek\u00e1van\u00fdch novinek a prom\u011bn. Tou nejv\u011bt\u0161\u00ed ud\u00e1lost\u00ed je bezesporu 50 let\u00e9 v\u00fdro\u010d\u00ed BMW M. Jako pod\u011bkov\u00e1n\u00ed za skv\u011bl\u00e1 sportovn\u00ed auta jsme uspo\u0159\u00e1dali setk\u00e1n\u00ed nap\u0159\u00ed\u010d v\u0161emi generacemi na brn\u011bnsk\u00e9m z\u00e1vodn\u00edm okruhu.\" \/>\n<meta name=\"robots\" content=\"index, follow, max-snippet:-1, max-image-preview:large, max-video-preview:-1\" \/>\n<link rel=\"canonical\" href=\"https:\/\/www.corners.cz\/en\/blog\/50-jahre-bmw-m\/\" \/>\n<meta property=\"og:locale\" content=\"en_GB\" \/>\n<meta property=\"og:type\" content=\"article\" \/>\n<meta property=\"og:title\" content=\"50 JAHRE BMW M - corners.cz\" \/>\n<meta property=\"og:description\" content=\"Rok 2022 je pro na\u0161\u00ed obl\u00edbenou mnichovskou automobilku ve znamen\u00ed dlouho o\u010dek\u00e1van\u00fdch novinek a prom\u011bn. Tou nejv\u011bt\u0161\u00ed ud\u00e1lost\u00ed je bezesporu 50 let\u00e9 v\u00fdro\u010d\u00ed BMW M. Jako pod\u011bkov\u00e1n\u00ed za skv\u011bl\u00e1 sportovn\u00ed auta jsme uspo\u0159\u00e1dali setk\u00e1n\u00ed nap\u0159\u00ed\u010d v\u0161emi generacemi na brn\u011bnsk\u00e9m z\u00e1vodn\u00edm okruhu.\" \/>\n<meta property=\"og:url\" content=\"https:\/\/www.corners.cz\/en\/blog\/50-jahre-bmw-m\/\" \/>\n<meta property=\"og:site_name\" content=\"corners.cz\" \/>\n<meta property=\"article:published_time\" content=\"2022-10-04T05:28:44+00:00\" \/>\n<meta property=\"article:modified_time\" content=\"2024-06-01T07:47:54+00:00\" \/>\n<meta property=\"og:image\" content=\"https:\/\/www.corners.cz\/wp-content\/uploads\/2022\/10\/0_uvodni-foto.jpg\" \/>\n\t<meta property=\"og:image:width\" content=\"1500\" \/>\n\t<meta property=\"og:image:height\" content=\"1000\" \/>\n\t<meta property=\"og:image:type\" content=\"image\/jpeg\" \/>\n<meta name=\"author\" content=\"marketaa\" \/>\n<meta name=\"twitter:card\" content=\"summary_large_image\" \/>\n<meta name=\"twitter:label1\" content=\"Written by\" \/>\n\t<meta name=\"twitter:data1\" content=\"marketaa\" \/>\n\t<meta name=\"twitter:label2\" content=\"Estimated reading time\" \/>\n\t<meta name=\"twitter:data2\" content=\"6 minutes\" \/>\n<script type=\"application\/ld+json\" class=\"yoast-schema-graph\">{\"@context\":\"https:\\\/\\\/schema.org\",\"@graph\":[{\"@type\":\"Article\",\"@id\":\"https:\\\/\\\/www.corners.cz\\\/blog\\\/50-jahre-bmw-m\\\/#article\",\"isPartOf\":{\"@id\":\"https:\\\/\\\/www.corners.cz\\\/blog\\\/50-jahre-bmw-m\\\/\"},\"author\":{\"name\":\"marketaa\",\"@id\":\"https:\\\/\\\/www.corners.cz\\\/#\\\/schema\\\/person\\\/a7889e3cc14a9e50626d9a5b8c651023\"},\"headline\":\"50 JAHRE BMW M\",\"datePublished\":\"2022-10-04T05:28:44+00:00\",\"dateModified\":\"2024-06-01T07:47:54+00:00\",\"mainEntityOfPage\":{\"@id\":\"https:\\\/\\\/www.corners.cz\\\/blog\\\/50-jahre-bmw-m\\\/\"},\"wordCount\":2873,\"publisher\":{\"@id\":\"https:\\\/\\\/www.corners.cz\\\/#organization\"},\"image\":{\"@id\":\"https:\\\/\\\/www.corners.cz\\\/blog\\\/50-jahre-bmw-m\\\/#primaryimage\"},\"thumbnailUrl\":\"https:\\\/\\\/www.corners.cz\\\/wp-content\\\/uploads\\\/2022\\\/10\\\/0_uvodni-foto.jpg\",\"articleSection\":[\"corners.cz\",\"trackdays\"],\"inLanguage\":\"en-GB\"},{\"@type\":\"WebPage\",\"@id\":\"https:\\\/\\\/www.corners.cz\\\/blog\\\/50-jahre-bmw-m\\\/\",\"url\":\"https:\\\/\\\/www.corners.cz\\\/blog\\\/50-jahre-bmw-m\\\/\",\"name\":\"50 JAHRE BMW M - corners.cz\",\"isPartOf\":{\"@id\":\"https:\\\/\\\/www.corners.cz\\\/#website\"},\"primaryImageOfPage\":{\"@id\":\"https:\\\/\\\/www.corners.cz\\\/blog\\\/50-jahre-bmw-m\\\/#primaryimage\"},\"image\":{\"@id\":\"https:\\\/\\\/www.corners.cz\\\/blog\\\/50-jahre-bmw-m\\\/#primaryimage\"},\"thumbnailUrl\":\"https:\\\/\\\/www.corners.cz\\\/wp-content\\\/uploads\\\/2022\\\/10\\\/0_uvodni-foto.jpg\",\"datePublished\":\"2022-10-04T05:28:44+00:00\",\"dateModified\":\"2024-06-01T07:47:54+00:00\",\"description\":\"Rok 2022 je pro na\u0161\u00ed obl\u00edbenou mnichovskou automobilku ve znamen\u00ed dlouho o\u010dek\u00e1van\u00fdch novinek a prom\u011bn. Tou nejv\u011bt\u0161\u00ed ud\u00e1lost\u00ed je bezesporu 50 let\u00e9 v\u00fdro\u010d\u00ed BMW M. Jako pod\u011bkov\u00e1n\u00ed za skv\u011bl\u00e1 sportovn\u00ed auta jsme uspo\u0159\u00e1dali setk\u00e1n\u00ed nap\u0159\u00ed\u010d v\u0161emi generacemi na brn\u011bnsk\u00e9m z\u00e1vodn\u00edm okruhu.\",\"breadcrumb\":{\"@id\":\"https:\\\/\\\/www.corners.cz\\\/blog\\\/50-jahre-bmw-m\\\/#breadcrumb\"},\"inLanguage\":\"en-GB\",\"potentialAction\":[{\"@type\":\"ReadAction\",\"target\":[\"https:\\\/\\\/www.corners.cz\\\/blog\\\/50-jahre-bmw-m\\\/\"]}]},{\"@type\":\"ImageObject\",\"inLanguage\":\"en-GB\",\"@id\":\"https:\\\/\\\/www.corners.cz\\\/blog\\\/50-jahre-bmw-m\\\/#primaryimage\",\"url\":\"https:\\\/\\\/www.corners.cz\\\/wp-content\\\/uploads\\\/2022\\\/10\\\/0_uvodni-foto.jpg\",\"contentUrl\":\"https:\\\/\\\/www.corners.cz\\\/wp-content\\\/uploads\\\/2022\\\/10\\\/0_uvodni-foto.jpg\",\"width\":1500,\"height\":1000},{\"@type\":\"BreadcrumbList\",\"@id\":\"https:\\\/\\\/www.corners.cz\\\/blog\\\/50-jahre-bmw-m\\\/#breadcrumb\",\"itemListElement\":[{\"@type\":\"ListItem\",\"position\":1,\"name\":\"Dom\u016f\",\"item\":\"https:\\\/\\\/www.corners.cz\\\/\"},{\"@type\":\"ListItem\",\"position\":2,\"name\":\"50 JAHRE BMW M\"}]},{\"@type\":\"WebSite\",\"@id\":\"https:\\\/\\\/www.corners.cz\\\/#website\",\"url\":\"https:\\\/\\\/www.corners.cz\\\/\",\"name\":\"corners.cz\",\"description\":\"Pure driver&#039;s experience.\",\"publisher\":{\"@id\":\"https:\\\/\\\/www.corners.cz\\\/#organization\"},\"potentialAction\":[{\"@type\":\"SearchAction\",\"target\":{\"@type\":\"EntryPoint\",\"urlTemplate\":\"https:\\\/\\\/www.corners.cz\\\/?s={search_term_string}\"},\"query-input\":{\"@type\":\"PropertyValueSpecification\",\"valueRequired\":true,\"valueName\":\"search_term_string\"}}],\"inLanguage\":\"en-GB\"},{\"@type\":\"Organization\",\"@id\":\"https:\\\/\\\/www.corners.cz\\\/#organization\",\"name\":\"corners.cz\",\"url\":\"https:\\\/\\\/www.corners.cz\\\/\",\"logo\":{\"@type\":\"ImageObject\",\"inLanguage\":\"en-GB\",\"@id\":\"https:\\\/\\\/www.corners.cz\\\/#\\\/schema\\\/logo\\\/image\\\/\",\"url\":\"https:\\\/\\\/www.corners.cz\\\/wp-content\\\/uploads\\\/2020\\\/10\\\/Group-152@2x.png\",\"contentUrl\":\"https:\\\/\\\/www.corners.cz\\\/wp-content\\\/uploads\\\/2020\\\/10\\\/Group-152@2x.png\",\"width\":497,\"height\":38,\"caption\":\"corners.cz\"},\"image\":{\"@id\":\"https:\\\/\\\/www.corners.cz\\\/#\\\/schema\\\/logo\\\/image\\\/\"}},{\"@type\":\"Person\",\"@id\":\"https:\\\/\\\/www.corners.cz\\\/#\\\/schema\\\/person\\\/a7889e3cc14a9e50626d9a5b8c651023\",\"name\":\"marketaa\",\"image\":{\"@type\":\"ImageObject\",\"inLanguage\":\"en-GB\",\"@id\":\"https:\\\/\\\/secure.gravatar.com\\\/avatar\\\/8d45c54a72bd5db1ef2e78ec8a7e603f414a6385711ff16d9e73955204a346cd?s=96&d=mm&r=g\",\"url\":\"https:\\\/\\\/secure.gravatar.com\\\/avatar\\\/8d45c54a72bd5db1ef2e78ec8a7e603f414a6385711ff16d9e73955204a346cd?s=96&d=mm&r=g\",\"contentUrl\":\"https:\\\/\\\/secure.gravatar.com\\\/avatar\\\/8d45c54a72bd5db1ef2e78ec8a7e603f414a6385711ff16d9e73955204a346cd?s=96&d=mm&r=g\",\"caption\":\"marketaa\"},\"sameAs\":[\"https:\\\/\\\/www.corners.cz\"],\"url\":\"https:\\\/\\\/www.corners.cz\\\/en\\\/blog\\\/author\\\/marketaa\\\/\"}]}<\/script>\n<!-- \/ Yoast SEO plugin. -->","yoast_head_json":{"title":"50 JAHRE BMW M - corners.cz","description":"Rok 2022 je pro na\u0161\u00ed obl\u00edbenou mnichovskou automobilku ve znamen\u00ed dlouho o\u010dek\u00e1van\u00fdch novinek a prom\u011bn. Tou nejv\u011bt\u0161\u00ed ud\u00e1lost\u00ed je bezesporu 50 let\u00e9 v\u00fdro\u010d\u00ed BMW M. Jako pod\u011bkov\u00e1n\u00ed za skv\u011bl\u00e1 sportovn\u00ed auta jsme uspo\u0159\u00e1dali setk\u00e1n\u00ed nap\u0159\u00ed\u010d v\u0161emi generacemi na brn\u011bnsk\u00e9m z\u00e1vodn\u00edm okruhu.","robots":{"index":"index","follow":"follow","max-snippet":"max-snippet:-1","max-image-preview":"max-image-preview:large","max-video-preview":"max-video-preview:-1"},"canonical":"https:\/\/www.corners.cz\/en\/blog\/50-jahre-bmw-m\/","og_locale":"en_GB","og_type":"article","og_title":"50 JAHRE BMW M - corners.cz","og_description":"Rok 2022 je pro na\u0161\u00ed obl\u00edbenou mnichovskou automobilku ve znamen\u00ed dlouho o\u010dek\u00e1van\u00fdch novinek a prom\u011bn. Tou nejv\u011bt\u0161\u00ed ud\u00e1lost\u00ed je bezesporu 50 let\u00e9 v\u00fdro\u010d\u00ed BMW M. Jako pod\u011bkov\u00e1n\u00ed za skv\u011bl\u00e1 sportovn\u00ed auta jsme uspo\u0159\u00e1dali setk\u00e1n\u00ed nap\u0159\u00ed\u010d v\u0161emi generacemi na brn\u011bnsk\u00e9m z\u00e1vodn\u00edm okruhu.","og_url":"https:\/\/www.corners.cz\/en\/blog\/50-jahre-bmw-m\/","og_site_name":"corners.cz","article_published_time":"2022-10-04T05:28:44+00:00","article_modified_time":"2024-06-01T07:47:54+00:00","og_image":[{"width":1500,"height":1000,"url":"https:\/\/www.corners.cz\/wp-content\/uploads\/2022\/10\/0_uvodni-foto.jpg","type":"image\/jpeg"}],"author":"marketaa","twitter_card":"summary_large_image","twitter_misc":{"Written by":"marketaa","Estimated reading time":"6 minutes"},"schema":{"@context":"https:\/\/schema.org","@graph":[{"@type":"Article","@id":"https:\/\/www.corners.cz\/blog\/50-jahre-bmw-m\/#article","isPartOf":{"@id":"https:\/\/www.corners.cz\/blog\/50-jahre-bmw-m\/"},"author":{"name":"marketaa","@id":"https:\/\/www.corners.cz\/#\/schema\/person\/a7889e3cc14a9e50626d9a5b8c651023"},"headline":"50 JAHRE BMW M","datePublished":"2022-10-04T05:28:44+00:00","dateModified":"2024-06-01T07:47:54+00:00","mainEntityOfPage":{"@id":"https:\/\/www.corners.cz\/blog\/50-jahre-bmw-m\/"},"wordCount":2873,"publisher":{"@id":"https:\/\/www.corners.cz\/#organization"},"image":{"@id":"https:\/\/www.corners.cz\/blog\/50-jahre-bmw-m\/#primaryimage"},"thumbnailUrl":"https:\/\/www.corners.cz\/wp-content\/uploads\/2022\/10\/0_uvodni-foto.jpg","articleSection":["corners.cz","trackdays"],"inLanguage":"en-GB"},{"@type":"WebPage","@id":"https:\/\/www.corners.cz\/blog\/50-jahre-bmw-m\/","url":"https:\/\/www.corners.cz\/blog\/50-jahre-bmw-m\/","name":"50 JAHRE BMW M - corners.cz","isPartOf":{"@id":"https:\/\/www.corners.cz\/#website"},"primaryImageOfPage":{"@id":"https:\/\/www.corners.cz\/blog\/50-jahre-bmw-m\/#primaryimage"},"image":{"@id":"https:\/\/www.corners.cz\/blog\/50-jahre-bmw-m\/#primaryimage"},"thumbnailUrl":"https:\/\/www.corners.cz\/wp-content\/uploads\/2022\/10\/0_uvodni-foto.jpg","datePublished":"2022-10-04T05:28:44+00:00","dateModified":"2024-06-01T07:47:54+00:00","description":"Rok 2022 je pro na\u0161\u00ed obl\u00edbenou mnichovskou automobilku ve znamen\u00ed dlouho o\u010dek\u00e1van\u00fdch novinek a prom\u011bn. Tou nejv\u011bt\u0161\u00ed ud\u00e1lost\u00ed je bezesporu 50 let\u00e9 v\u00fdro\u010d\u00ed BMW M. Jako pod\u011bkov\u00e1n\u00ed za skv\u011bl\u00e1 sportovn\u00ed auta jsme uspo\u0159\u00e1dali setk\u00e1n\u00ed nap\u0159\u00ed\u010d v\u0161emi generacemi na brn\u011bnsk\u00e9m z\u00e1vodn\u00edm okruhu.","breadcrumb":{"@id":"https:\/\/www.corners.cz\/blog\/50-jahre-bmw-m\/#breadcrumb"},"inLanguage":"en-GB","potentialAction":[{"@type":"ReadAction","target":["https:\/\/www.corners.cz\/blog\/50-jahre-bmw-m\/"]}]},{"@type":"ImageObject","inLanguage":"en-GB","@id":"https:\/\/www.corners.cz\/blog\/50-jahre-bmw-m\/#primaryimage","url":"https:\/\/www.corners.cz\/wp-content\/uploads\/2022\/10\/0_uvodni-foto.jpg","contentUrl":"https:\/\/www.corners.cz\/wp-content\/uploads\/2022\/10\/0_uvodni-foto.jpg","width":1500,"height":1000},{"@type":"BreadcrumbList","@id":"https:\/\/www.corners.cz\/blog\/50-jahre-bmw-m\/#breadcrumb","itemListElement":[{"@type":"ListItem","position":1,"name":"Dom\u016f","item":"https:\/\/www.corners.cz\/"},{"@type":"ListItem","position":2,"name":"50 JAHRE BMW M"}]},{"@type":"WebSite","@id":"https:\/\/www.corners.cz\/#website","url":"https:\/\/www.corners.cz\/","name":"corners.cz","description":"Pure driver&#039;s experience.","publisher":{"@id":"https:\/\/www.corners.cz\/#organization"},"potentialAction":[{"@type":"SearchAction","target":{"@type":"EntryPoint","urlTemplate":"https:\/\/www.corners.cz\/?s={search_term_string}"},"query-input":{"@type":"PropertyValueSpecification","valueRequired":true,"valueName":"search_term_string"}}],"inLanguage":"en-GB"},{"@type":"Organization","@id":"https:\/\/www.corners.cz\/#organization","name":"corners.cz","url":"https:\/\/www.corners.cz\/","logo":{"@type":"ImageObject","inLanguage":"en-GB","@id":"https:\/\/www.corners.cz\/#\/schema\/logo\/image\/","url":"https:\/\/www.corners.cz\/wp-content\/uploads\/2020\/10\/Group-152@2x.png","contentUrl":"https:\/\/www.corners.cz\/wp-content\/uploads\/2020\/10\/Group-152@2x.png","width":497,"height":38,"caption":"corners.cz"},"image":{"@id":"https:\/\/www.corners.cz\/#\/schema\/logo\/image\/"}},{"@type":"Person","@id":"https:\/\/www.corners.cz\/#\/schema\/person\/a7889e3cc14a9e50626d9a5b8c651023","name":"marketaa","image":{"@type":"ImageObject","inLanguage":"en-GB","@id":"https:\/\/secure.gravatar.com\/avatar\/8d45c54a72bd5db1ef2e78ec8a7e603f414a6385711ff16d9e73955204a346cd?s=96&d=mm&r=g","url":"https:\/\/secure.gravatar.com\/avatar\/8d45c54a72bd5db1ef2e78ec8a7e603f414a6385711ff16d9e73955204a346cd?s=96&d=mm&r=g","contentUrl":"https:\/\/secure.gravatar.com\/avatar\/8d45c54a72bd5db1ef2e78ec8a7e603f414a6385711ff16d9e73955204a346cd?s=96&d=mm&r=g","caption":"marketaa"},"sameAs":["https:\/\/www.corners.cz"],"url":"https:\/\/www.corners.cz\/en\/blog\/author\/marketaa\/"}]}},"_links":{"self":[{"href":"https:\/\/www.corners.cz\/en\/wp-json\/wp\/v2\/posts\/250491","targetHints":{"allow":["GET"]}}],"collection":[{"href":"https:\/\/www.corners.cz\/en\/wp-json\/wp\/v2\/posts"}],"about":[{"href":"https:\/\/www.corners.cz\/en\/wp-json\/wp\/v2\/types\/post"}],"author":[{"embeddable":true,"href":"https:\/\/www.corners.cz\/en\/wp-json\/wp\/v2\/users\/1"}],"replies":[{"embeddable":true,"href":"https:\/\/www.corners.cz\/en\/wp-json\/wp\/v2\/comments?post=250491"}],"version-history":[{"count":6,"href":"https:\/\/www.corners.cz\/en\/wp-json\/wp\/v2\/posts\/250491\/revisions"}],"predecessor-version":[{"id":987504860,"href":"https:\/\/www.corners.cz\/en\/wp-json\/wp\/v2\/posts\/250491\/revisions\/987504860"}],"wp:featuredmedia":[{"embeddable":true,"href":"https:\/\/www.corners.cz\/en\/wp-json\/wp\/v2\/media\/250516"}],"wp:attachment":[{"href":"https:\/\/www.corners.cz\/en\/wp-json\/wp\/v2\/media?parent=250491"}],"wp:term":[{"taxonomy":"category","embeddable":true,"href":"https:\/\/www.corners.cz\/en\/wp-json\/wp\/v2\/categories?post=250491"},{"taxonomy":"post_tag","embeddable":true,"href":"https:\/\/www.corners.cz\/en\/wp-json\/wp\/v2\/tags?post=250491"}],"curies":[{"name":"wp","href":"https:\/\/api.w.org\/{rel}","templated":true}]}}